{"id":941,"date":"2023-11-20T08:42:41","date_gmt":"2023-11-20T07:42:41","guid":{"rendered":"https:\/\/echiquier-montois.fr\/?p=941"},"modified":"2023-11-20T08:42:41","modified_gmt":"2023-11-20T07:42:41","slug":"journee-amitie-franco-armenienne","status":"publish","type":"post","link":"https:\/\/echiquier-montois.fr\/index.php\/2023\/11\/20\/journee-amitie-franco-armenienne\/","title":{"rendered":"Journ\u00e9e Amiti\u00e9 Franco-Arm\u00e9nienne"},"content":{"rendered":"\n<p>En Arm\u00e9nie, les \u00e9checs sont int\u00e9gr\u00e9s au syst\u00e8me scolaire et \u00e0 l&#8217;occasion de cette journ\u00e9e de l&#8217;amiti\u00e9 Franco-Arm\u00e9nienne, l&#8217;\u00e9chiquier montois proposait un stand o\u00f9 l&#8217;on pouvait faire quelques parties.<\/p>\n\n\n\n<p> <\/p>\n\n\n\n<div data-gallery-id=\"lightgallery__8fcad1-7c\" class=\"wp-block-ive-gallery get-gallery-id ive-gallery-wrap-id-_8fcad1-7c\"><ul id=\"lightgallery__8fcad1-7c\" class=\"ive-gallery-ul ive-gallery-type-grid ive-gallery-id-_8fcad1-7c ive-gallery-caption-style-bottom-hover ive-gallery-filter-none\" data-item-selector=\".ibtana-blocks-gallery-item\" data-image-filter=\"none\" data-lightbox-caption=\"true\" data-columns-xxl=\"3\" data-columns-xl=\"3\" data-columns-lg=\"3\" data-columns-md=\"2\" data-columns-sm=\"1\" data-columns-xs=\"1\"><li class=\"ibtana-blocks-gallery-item\"><div class=\"ibtana-blocks-gallery-item-inner\"><figure class=\"ive-gallery-figure ibtana-blocks-gallery-item-hide-caption ive-has-image-ratio-land32 light_item\" href=\"https:\/\/echiquier-montois.fr\/wp-content\/uploads\/2023\/11\/1700465273711.jpg\"><div class=\"ive-gal-image-radius\"><div class=\"ive-gallery-image-contain ibtana-blocks-gallery-intrinsic ive-gallery-image-ratio-land32\"><img loading=\"lazy\" decoding=\"async\" src=\"https:\/\/echiquier-montois.fr\/wp-content\/uploads\/2023\/11\/1700465273711-768x1024.jpg\" width=\"768\" height=\"1024\" alt=\"\" data-full-image=\"https:\/\/echiquier-montois.fr\/wp-content\/uploads\/2023\/11\/1700465273711.jpg\" data-light-image=\"https:\/\/echiquier-montois.fr\/wp-content\/uploads\/2023\/11\/1700465273711.jpg\" data-id=\"942\" data-link=\"https:\/\/echiquier-montois.fr\/?attachment_id=942\" class=\"wp-image-942undefined\" srcset=\"https:\/\/echiquier-montois.fr\/wp-content\/uploads\/2023\/11\/1700465273711-768x1023.jpg 768w, https:\/\/echiquier-montois.fr\/wp-content\/uploads\/2023\/11\/1700465273711-225x300.jpg 225w, https:\/\/echiquier-montois.fr\/wp-content\/uploads\/2023\/11\/1700465273711.jpg 800w\" sizes=\"auto, (max-width: 768px) 100vw, 768px\" \/><\/div><\/div><\/figure><\/div><\/li><li class=\"ibtana-blocks-gallery-item\"><div class=\"ibtana-blocks-gallery-item-inner\"><figure class=\"ive-gallery-figure ibtana-blocks-gallery-item-hide-caption ive-has-image-ratio-land32 light_item\" href=\"https:\/\/echiquier-montois.fr\/wp-content\/uploads\/2023\/11\/1700465997929.jpg\"><div class=\"ive-gal-image-radius\"><div class=\"ive-gallery-image-contain ibtana-blocks-gallery-intrinsic ive-gallery-image-ratio-land32\"><img loading=\"lazy\" decoding=\"async\" src=\"https:\/\/echiquier-montois.fr\/wp-content\/uploads\/2023\/11\/1700465997929-768x1024.jpg\" width=\"768\" height=\"1024\" alt=\"\" data-full-image=\"https:\/\/echiquier-montois.fr\/wp-content\/uploads\/2023\/11\/1700465997929.jpg\" data-light-image=\"https:\/\/echiquier-montois.fr\/wp-content\/uploads\/2023\/11\/1700465997929.jpg\" data-id=\"943\" data-link=\"https:\/\/echiquier-montois.fr\/?attachment_id=943\" class=\"wp-image-943undefined\" srcset=\"https:\/\/echiquier-montois.fr\/wp-content\/uploads\/2023\/11\/1700465997929-768x1023.jpg 768w, https:\/\/echiquier-montois.fr\/wp-content\/uploads\/2023\/11\/1700465997929-225x300.jpg 225w, https:\/\/echiquier-montois.fr\/wp-content\/uploads\/2023\/11\/1700465997929.jpg 800w\" sizes=\"auto, (max-width: 768px) 100vw, 768px\" \/><\/div><\/div><\/figure><\/div><\/li><\/ul><\/div>\n","protected":false},"excerpt":{"rendered":"<p>En Arm\u00e9nie, les \u00e9checs sont int\u00e9gr\u00e9s au syst\u00e8me scolaire et \u00e0 l&#8217;occasion de cette journ\u00e9e de l&#8217;amiti\u00e9 Franco-Arm\u00e9nienne, l&#8217;\u00e9chiquier montois proposait un stand o\u00f9 l&#8217;on pouvait faire quelques parties.<\/p>\n","protected":false},"author":1,"featured_media":0,"comment_status":"closed","ping_status":"","sticky":false,"template":"","format":"standard","meta":{"_regular_price":[],"currency_symbol":[],"footnotes":""},"categories":[1],"tags":[],"class_list":["post-941","post","type-post","status-publish","format-standard","hentry","category-non-classe"],"post_slider_layout_featured_media_urls":{"thumbnail":"","post_slider_layout_landscape_large":"","post_slider_layout_portrait_large":"","post_slider_layout_square_large":"","post_slider_layout_landscape":"","post_slider_layout_portrait":"","post_slider_layout_square":"","full":""},"_links":{"self":[{"href":"https:\/\/echiquier-montois.fr\/index.php\/wp-json\/wp\/v2\/posts\/941","targetHints":{"allow":["GET"]}}],"collection":[{"href":"https:\/\/echiquier-montois.fr\/index.php\/wp-json\/wp\/v2\/posts"}],"about":[{"href":"https:\/\/echiquier-montois.fr\/index.php\/wp-json\/wp\/v2\/types\/post"}],"author":[{"embeddable":true,"href":"https:\/\/echiquier-montois.fr\/index.php\/wp-json\/wp\/v2\/users\/1"}],"replies":[{"embeddable":true,"href":"https:\/\/echiquier-montois.fr\/index.php\/wp-json\/wp\/v2\/comments?post=941"}],"version-history":[{"count":1,"href":"https:\/\/echiquier-montois.fr\/index.php\/wp-json\/wp\/v2\/posts\/941\/revisions"}],"predecessor-version":[{"id":944,"href":"https:\/\/echiquier-montois.fr\/index.php\/wp-json\/wp\/v2\/posts\/941\/revisions\/944"}],"wp:attachment":[{"href":"https:\/\/echiquier-montois.fr\/index.php\/wp-json\/wp\/v2\/media?parent=941"}],"wp:term":[{"taxonomy":"category","embeddable":true,"href":"https:\/\/echiquier-montois.fr\/index.php\/wp-json\/wp\/v2\/categories?post=941"},{"taxonomy":"post_tag","embeddable":true,"href":"https:\/\/echiquier-montois.fr\/index.php\/wp-json\/wp\/v2\/tags?post=941"}],"curies":[{"name":"wp","href":"https:\/\/api.w.org\/{rel}","templated":true}]}}